{
    "id": 7996,
    "date": "2024-07-16T07:11:52",
    "date_gmt": "2024-07-16T07:11:52",
    "guid": {
        "rendered": "https:\/\/tabacaleragroup.com\/?post_type=projects&#038;p=7996"
    },
    "modified": "2024-07-18T13:27:37",
    "modified_gmt": "2024-07-18T13:27:37",
    "slug": "proyecto-3",
    "status": "publish",
    "type": "projects",
    "link": "https:\/\/tabacaleragroup.com\/es\/?projects=proyecto-3",
    "title": {
        "rendered": "Remodelaci\u00f3n del \u00abHogar de Ancianos Padre Abreu\u00bb"
    },
    "content": {
        "rendered": "<div data-elementor-type=\"wp-post\" data-elementor-id=\"7996\" class=\"elementor elementor-7996\" data-elementor-post-type=\"projects\">\n\t\t\t\t\t\t<section class=\"elementor-section elementor-top-section elementor-element elementor-element-7d4caedb elementor-section-boxed elementor-section-height-default elementor-section-height-default\" data-id=\"7d4caedb\" data-element_type=\"section\" data-settings=\"{&quot;jet_parallax_layout_list&quot;:[]}\">\n\t\t\t\t\t\t<div class=\"elementor-container elementor-column-gap-default\">\n\t\t\t\t\t<div class=\"elementor-column elementor-col-100 elementor-top-column elementor-element elementor-element-3f6da8a1\" data-id=\"3f6da8a1\" data-element_type=\"column\">\n\t\t\t<div class=\"elementor-widget-wrap elementor-element-populated\">\n\t\t\t\t\t\t<div class=\"elementor-element elementor-element-6d29cef8 elementor-widget elementor-widget-text-editor\" data-id=\"6d29cef8\" data-element_type=\"widget\" data-widget_type=\"text-editor.default\">\n\t\t\t\t<div class=\"elementor-widget-container\">\n\t\t\t\t\t\t\t\t\t\n<p>El hogar de Ancianos Padre Abreu, ubicado en el sector de Quisqueya, en La Romana, es una organizaci\u00f3n fundada por el reverendo Padre Abreu, de la parroquia Santa Rosa de Lima, en 1982. Llevan 42 a\u00f1os brindando apoyo a aquellas personas que no tienen quien les ayude en la etapa final de sus vidas. Hoy en d\u00eda residen en el centro un total de 48 personas.<\/p>\n\n<p>El hogar ofrece alojamiento, comida, medicinas, as\u00ed como actividades l\u00fadicas y sesiones de psicolog\u00eda, atenci\u00f3n continua y sobre todo apoyo emocional y humano.<\/p>\n\n<p>La instituci\u00f3n est\u00e1 supervisada por el Consejo Nacional de la Persona Envejeciente (Conape), y la administraci\u00f3n est\u00e1 bajo la responsabilidad de la Congregaci\u00f3n de las Hermanas de la Caridad del Cardenal Sancha, que se sustenta con la ayuda del Estado, pero fundamentalmente por el aporte que realiza la comunidad y algunas empresas.<\/p>\n\n<p>Con esta iniciativa, podremos lograr unas mejores condiciones de vida para las personas residentes.<\/p>\t\t\t\t\t\t\t\t<\/div>\n\t\t\t\t<\/div>\n\t\t\t\t<div class=\"elementor-element elementor-element-36fe38f gallery-spacing-custom elementor-widget elementor-widget-image-gallery\" data-id=\"36fe38f\" data-element_type=\"widget\" data-widget_type=\"image-gallery.default\">\n\t\t\t\t<div class=\"elementor-widget-container\">\n\t\t\t\t\t\t\t<div class=\"elementor-image-gallery\">\n\t\t\t<div id='gallery-1' class='gallery galleryid-7996 gallery-columns-3 gallery-size-full'><figure class='gallery-item'>\n\t\t\t<div class='gallery-icon landscape'>\n\t\t\t\t<a data-elementor-open-lightbox=\"yes\" data-elementor-lightbox-slideshow=\"36fe38f\" data-elementor-lightbox-title=\"Hogar de Ancianos Padre Abreu Pabellon 2\" data-e-action-hash=\"#elementor-action%3Aaction%3Dlightbox%26settings%3DeyJpZCI6ODAwNSwidXJsIjoiaHR0cHM6XC9cL3RhYmFjYWxlcmFncm91cC5jb21cL3dwLWNvbnRlbnRcL3VwbG9hZHNcLzIwMjRcLzA3XC9Ib2dhci1kZS1BbmNpYW5vcy1QYWRyZS1BYnJldS1QYWJlbGxvbi0yLmpwZyIsInNsaWRlc2hvdyI6IjM2ZmUzOGYifQ%3D%3D\" href='https:\/\/tabacaleragroup.com\/wp-content\/uploads\/2024\/07\/Hogar-de-Ancianos-Padre-Abreu-Pabellon-2.jpg'><img fetchpriority=\"high\" width=\"512\" height=\"383\" src=\"https:\/\/tabacaleragroup.com\/wp-content\/uploads\/2024\/07\/Hogar-de-Ancianos-Padre-Abreu-Pabellon-2.jpg\" class=\"attachment-full size-full\" alt=\"\" decoding=\"async\" srcset=\"https:\/\/tabacaleragroup.com\/wp-content\/uploads\/2024\/07\/Hogar-de-Ancianos-Padre-Abreu-Pabellon-2.jpg 512w, https:\/\/tabacaleragroup.com\/wp-content\/uploads\/2024\/07\/Hogar-de-Ancianos-Padre-Abreu-Pabellon-2-300x224.jpg 300w, https:\/\/tabacaleragroup.com\/wp-content\/uploads\/2024\/07\/Hogar-de-Ancianos-Padre-Abreu-Pabellon-2-16x12.jpg 16w\" sizes=\"(max-width: 512px) 100vw, 512px\" \/><\/a>\n\t\t\t<\/div><\/figure><figure class='gallery-item'>\n\t\t\t<div class='gallery-icon landscape'>\n\t\t\t\t<a data-elementor-open-lightbox=\"yes\" data-elementor-lightbox-slideshow=\"36fe38f\" data-elementor-lightbox-title=\"Hogar de Ancianos Padre Abreu Lavanderia\" data-e-action-hash=\"#elementor-action%3Aaction%3Dlightbox%26settings%3DeyJpZCI6ODAwMywidXJsIjoiaHR0cHM6XC9cL3RhYmFjYWxlcmFncm91cC5jb21cL3dwLWNvbnRlbnRcL3VwbG9hZHNcLzIwMjRcLzA3XC9Ib2dhci1kZS1BbmNpYW5vcy1QYWRyZS1BYnJldS1MYXZhbmRlcmlhLmpwZyIsInNsaWRlc2hvdyI6IjM2ZmUzOGYifQ%3D%3D\" href='https:\/\/tabacaleragroup.com\/wp-content\/uploads\/2024\/07\/Hogar-de-Ancianos-Padre-Abreu-Lavanderia.jpg'><img width=\"512\" height=\"383\" src=\"https:\/\/tabacaleragroup.com\/wp-content\/uploads\/2024\/07\/Hogar-de-Ancianos-Padre-Abreu-Lavanderia.jpg\" class=\"attachment-full size-full\" alt=\"Hogar de Ancianos Padre Abreu | Tabacalera\" decoding=\"async\" srcset=\"https:\/\/tabacaleragroup.com\/wp-content\/uploads\/2024\/07\/Hogar-de-Ancianos-Padre-Abreu-Lavanderia.jpg 512w, https:\/\/tabacaleragroup.com\/wp-content\/uploads\/2024\/07\/Hogar-de-Ancianos-Padre-Abreu-Lavanderia-300x224.jpg 300w, https:\/\/tabacaleragroup.com\/wp-content\/uploads\/2024\/07\/Hogar-de-Ancianos-Padre-Abreu-Lavanderia-16x12.jpg 16w\" sizes=\"(max-width: 512px) 100vw, 512px\" \/><\/a>\n\t\t\t<\/div><\/figure><figure class='gallery-item'>\n\t\t\t<div class='gallery-icon landscape'>\n\t\t\t\t<a data-elementor-open-lightbox=\"yes\" data-elementor-lightbox-slideshow=\"36fe38f\" data-elementor-lightbox-title=\"Hogar de Ancianos Padre Abreu Mural\" data-e-action-hash=\"#elementor-action%3Aaction%3Dlightbox%26settings%3DeyJpZCI6ODAwNCwidXJsIjoiaHR0cHM6XC9cL3RhYmFjYWxlcmFncm91cC5jb21cL3dwLWNvbnRlbnRcL3VwbG9hZHNcLzIwMjRcLzA3XC9Ib2dhci1kZS1BbmNpYW5vcy1QYWRyZS1BYnJldS1NdXJhbC5qcGciLCJzbGlkZXNob3ciOiIzNmZlMzhmIn0%3D\" href='https:\/\/tabacaleragroup.com\/wp-content\/uploads\/2024\/07\/Hogar-de-Ancianos-Padre-Abreu-Mural.jpg'><img width=\"512\" height=\"383\" src=\"https:\/\/tabacaleragroup.com\/wp-content\/uploads\/2024\/07\/Hogar-de-Ancianos-Padre-Abreu-Mural.jpg\" class=\"attachment-full size-full\" alt=\"Hogar de Ancianos Padre Abreu | Tabacalera\" decoding=\"async\" srcset=\"https:\/\/tabacaleragroup.com\/wp-content\/uploads\/2024\/07\/Hogar-de-Ancianos-Padre-Abreu-Mural.jpg 512w, https:\/\/tabacaleragroup.com\/wp-content\/uploads\/2024\/07\/Hogar-de-Ancianos-Padre-Abreu-Mural-300x224.jpg 300w, https:\/\/tabacaleragroup.com\/wp-content\/uploads\/2024\/07\/Hogar-de-Ancianos-Padre-Abreu-Mural-16x12.jpg 16w\" sizes=\"(max-width: 512px) 100vw, 512px\" \/><\/a>\n\t\t\t<\/div><\/figure><figure class='gallery-item'>\n\t\t\t<div class='gallery-icon landscape'>\n\t\t\t\t<a data-elementor-open-lightbox=\"yes\" data-elementor-lightbox-slideshow=\"36fe38f\" data-elementor-lightbox-title=\"Hogar de Ancianos Padre Abreu Ban\u0303os\" data-e-action-hash=\"#elementor-action%3Aaction%3Dlightbox%26settings%3DeyJpZCI6ODAwMiwidXJsIjoiaHR0cHM6XC9cL3RhYmFjYWxlcmFncm91cC5jb21cL3dwLWNvbnRlbnRcL3VwbG9hZHNcLzIwMjRcLzA3XC9Ib2dhci1kZS1BbmNpYW5vcy1QYWRyZS1BYnJldS1CYW5vcy5qcGciLCJzbGlkZXNob3ciOiIzNmZlMzhmIn0%3D\" href='https:\/\/tabacaleragroup.com\/wp-content\/uploads\/2024\/07\/Hogar-de-Ancianos-Padre-Abreu-Banos.jpg'><img loading=\"lazy\" width=\"512\" height=\"383\" src=\"https:\/\/tabacaleragroup.com\/wp-content\/uploads\/2024\/07\/Hogar-de-Ancianos-Padre-Abreu-Banos.jpg\" class=\"attachment-full size-full\" alt=\"Hogar de Ancianos Padre Abreu | Tabacalera\" decoding=\"async\" srcset=\"https:\/\/tabacaleragroup.com\/wp-content\/uploads\/2024\/07\/Hogar-de-Ancianos-Padre-Abreu-Banos.jpg 512w, https:\/\/tabacaleragroup.com\/wp-content\/uploads\/2024\/07\/Hogar-de-Ancianos-Padre-Abreu-Banos-300x224.jpg 300w, https:\/\/tabacaleragroup.com\/wp-content\/uploads\/2024\/07\/Hogar-de-Ancianos-Padre-Abreu-Banos-16x12.jpg 16w\" sizes=\"(max-width: 512px) 100vw, 512px\" \/><\/a>\n\t\t\t<\/div><\/figure><figure class='gallery-item'>\n\t\t\t<div class='gallery-icon landscape'>\n\t\t\t\t<a data-elementor-open-lightbox=\"yes\" data-elementor-lightbox-slideshow=\"36fe38f\" data-elementor-lightbox-title=\"Hogar de Ancianos Padre Abreu Actividades\" data-e-action-hash=\"#elementor-action%3Aaction%3Dlightbox%26settings%3DeyJpZCI6ODAwMSwidXJsIjoiaHR0cHM6XC9cL3RhYmFjYWxlcmFncm91cC5jb21cL3dwLWNvbnRlbnRcL3VwbG9hZHNcLzIwMjRcLzA3XC9Ib2dhci1kZS1BbmNpYW5vcy1QYWRyZS1BYnJldS1BY3RpdmlkYWRlcy5qcGciLCJzbGlkZXNob3ciOiIzNmZlMzhmIn0%3D\" href='https:\/\/tabacaleragroup.com\/wp-content\/uploads\/2024\/07\/Hogar-de-Ancianos-Padre-Abreu-Actividades.jpg'><img loading=\"lazy\" width=\"512\" height=\"383\" src=\"https:\/\/tabacaleragroup.com\/wp-content\/uploads\/2024\/07\/Hogar-de-Ancianos-Padre-Abreu-Actividades.jpg\" class=\"attachment-full size-full\" alt=\"Hogar de Ancianos Padre Abreu | Tabacalera\" decoding=\"async\" srcset=\"https:\/\/tabacaleragroup.com\/wp-content\/uploads\/2024\/07\/Hogar-de-Ancianos-Padre-Abreu-Actividades.jpg 512w, https:\/\/tabacaleragroup.com\/wp-content\/uploads\/2024\/07\/Hogar-de-Ancianos-Padre-Abreu-Actividades-300x224.jpg 300w, https:\/\/tabacaleragroup.com\/wp-content\/uploads\/2024\/07\/Hogar-de-Ancianos-Padre-Abreu-Actividades-16x12.jpg 16w\" sizes=\"(max-width: 512px) 100vw, 512px\" \/><\/a>\n\t\t\t<\/div><\/figure><figure class='gallery-item'>\n\t\t\t<div class='gallery-icon landscape'>\n\t\t\t\t<a data-elementor-open-lightbox=\"yes\" data-elementor-lightbox-slideshow=\"36fe38f\" data-elementor-lightbox-title=\"Hogar de Ancianos Padre Abreu - Pabellon\" data-e-action-hash=\"#elementor-action%3Aaction%3Dlightbox%26settings%3DeyJpZCI6ODAwMCwidXJsIjoiaHR0cHM6XC9cL3RhYmFjYWxlcmFncm91cC5jb21cL3dwLWNvbnRlbnRcL3VwbG9hZHNcLzIwMjRcLzA3XC9Ib2dhci1kZS1BbmNpYW5vcy1QYWRyZS1BYnJldS1QYWJlbGxvbi5qcGciLCJzbGlkZXNob3ciOiIzNmZlMzhmIn0%3D\" href='https:\/\/tabacaleragroup.com\/wp-content\/uploads\/2024\/07\/Hogar-de-Ancianos-Padre-Abreu-Pabellon.jpg'><img loading=\"lazy\" width=\"512\" height=\"383\" src=\"https:\/\/tabacaleragroup.com\/wp-content\/uploads\/2024\/07\/Hogar-de-Ancianos-Padre-Abreu-Pabellon.jpg\" class=\"attachment-full size-full\" alt=\"Hogar de Ancianos Padre Abreu | Tabacalera\" decoding=\"async\" srcset=\"https:\/\/tabacaleragroup.com\/wp-content\/uploads\/2024\/07\/Hogar-de-Ancianos-Padre-Abreu-Pabellon.jpg 512w, https:\/\/tabacaleragroup.com\/wp-content\/uploads\/2024\/07\/Hogar-de-Ancianos-Padre-Abreu-Pabellon-300x224.jpg 300w, https:\/\/tabacaleragroup.com\/wp-content\/uploads\/2024\/07\/Hogar-de-Ancianos-Padre-Abreu-Pabellon-16x12.jpg 16w\" sizes=\"(max-width: 512px) 100vw, 512px\" \/><\/a>\n\t\t\t<\/div><\/figure>\n\t\t<\/div>\n\t\t<\/div>\n\t\t\t\t\t\t<\/div>\n\t\t\t\t<\/div>\n\t\t\t\t\t<\/div>\n\t\t<\/div>\n\t\t\t\t\t<\/div>\n\t\t<\/section>\n\t\t\t\t<\/div>",
        "protected": false
    },
    "excerpt": {
        "rendered": "<p>El hogar de Ancianos Padre Abreu, ubicado en el sector de Quisqueya, en La Romana, es una organizaci\u00f3n fundada por el reverendo Padre Abreu, de la parroquia Santa Rosa de Lima, en 1982. <\/p>",
        "protected": false
    },
    "featured_media": 7999,
    "menu_order": 0,
    "template": "",
    "class_list": [
        "post-7996",
        "projects",
        "type-projects",
        "status-publish",
        "has-post-thumbnail",
        "hentry"
    ],
    "_links": {
        "self": [
            {
                "href": "https:\/\/tabacaleragroup.com\/es\/wp-json\/wp\/v2\/projects\/7996",
                "targetHints": {
                    "allow": [
                        "GET"
                    ]
                }
            }
        ],
        "collection": [
            {
                "href": "https:\/\/tabacaleragroup.com\/es\/wp-json\/wp\/v2\/projects"
            }
        ],
        "about": [
            {
                "href": "https:\/\/tabacaleragroup.com\/es\/wp-json\/wp\/v2\/types\/projects"
            }
        ],
        "version-history": [
            {
                "count": 18,
                "href": "https:\/\/tabacaleragroup.com\/es\/wp-json\/wp\/v2\/projects\/7996\/revisions"
            }
        ],
        "predecessor-version": [
            {
                "id": 8022,
                "href": "https:\/\/tabacaleragroup.com\/es\/wp-json\/wp\/v2\/projects\/7996\/revisions\/8022"
            }
        ],
        "wp:featuredmedia": [
            {
                "embeddable": true,
                "href": "https:\/\/tabacaleragroup.com\/es\/wp-json\/wp\/v2\/media\/7999"
            }
        ],
        "wp:attachment": [
            {
                "href": "https:\/\/tabacaleragroup.com\/es\/wp-json\/wp\/v2\/media?parent=7996"
            }
        ],
        "curies": [
            {
                "name": "wp",
                "href": "https:\/\/api.w.org\/{rel}",
                "templated": true
            }
        ]
    }
}